{"id":5442,"date":"2025-09-05T13:10:14","date_gmt":"2025-09-05T13:10:14","guid":{"rendered":"https:\/\/www.masystemutbildning.se\/fr-fr\/?post_type=actualites&#038;p=5442"},"modified":"2025-09-05T13:10:15","modified_gmt":"2025-09-05T13:10:15","slug":"andreas-passe-le-relais-klas-prend-la-releve","status":"publish","type":"actualites","link":"https:\/\/www.masystemutbildning.se\/fr-fr\/actualites\/andreas-passe-le-relais-klas-prend-la-releve\/","title":{"rendered":"Andreas passe le relais \u2013 Klas prend la rel\u00e8ve !"},"content":{"rendered":"\n<p>C\u2019est Klas Turesson qui reprend la direction, fort de plus de 15 ans d\u2019exp\u00e9rience au sein de MA-system : consultant en logistique, chef de projet, puis, depuis 2015, responsable du d\u00e9veloppement de toutes nos solutions digitales.<\/p>\n\n\n\n<p>Avec enthousiasme, Klas souhaite \u00e0 la fois pr\u00e9server l\u2019h\u00e9ritage construit sous la direction d\u2019Andreas et impulser un nouvel \u00e9lan pour l\u2019avenir :<\/p>\n\n\n\n<p><br>\u00ab Notre croissance en Europe nous donne davantage de moyens pour d\u00e9velopper de nouvelles solutions et de nouveaux produits. Cela signifie une qualit\u00e9 encore sup\u00e9rieure et une plus grande valeur ajout\u00e9e pour nos clients, en Su\u00e8de comme \u00e0 l\u2019international. \u00bb<\/p>\n\n\n\n<p>De son c\u00f4t\u00e9, Andreas se dit pleinement rassur\u00e9 de voir Klas prendre la rel\u00e8ve. Apr\u00e8s trois d\u00e9cennies intenses et gratifiantes, il aspire d\u00e9sormais \u00e0 profiter de la vie et \u00e0 consacrer davantage de temps \u00e0 ses passions \u2013 notamment les voitures.<\/p>\n\n\n\n<p>Un immense merci \u00e0 Andreas pour ces ann\u00e9es exceptionnelles et pour tout ce qu\u2019il a apport\u00e9 \u00e0 MA-system. Toute l\u2019\u00e9quipe lui souhaite le meilleur pour cette nouvelle \u00e9tape. Et nous nous r\u00e9jouissons d\u00e9j\u00e0 d\u2019\u00e9crire la suite de l\u2019histoire avec Klas \u00e0 la barre.<\/p>\n","protected":false},"featured_media":5443,"template":"","class_list":["post-5442","actualites","type-actualites","status-publish","has-post-thumbnail","hentry"],"acf":[],"yoast_head":"<!-- This site is optimized with the Yoast SEO Premium plugin v26.9 (Yoast SEO v27.3) - https:\/\/yoast.com\/product\/yoast-seo-premium-wordpress\/ -->\n<title>Andreas passe le relais \u2013 Klas prend la rel\u00e8ve ! - MA-system Utbildning Francais<\/title>\n<meta name=\"robots\" content=\"index, follow, max-snippet:-1, max-image-preview:large, max-video-preview:-1\" \/>\n<link rel=\"canonical\" href=\"https:\/\/www.masystemutbildning.se\/fr-fr\/actualites\/andreas-passe-le-relais-klas-prend-la-releve\/\" \/>\n<meta property=\"og:locale\" content=\"fr_FR\" \/>\n<meta property=\"og:type\" content=\"article\" \/>\n<meta property=\"og:title\" content=\"Andreas passe le relais \u2013 Klas prend la rel\u00e8ve !\" \/>\n<meta property=\"og:description\" content=\"C\u2019est Klas Turesson qui reprend la direction, fort de plus de 15 ans d\u2019exp\u00e9rience au sein de MA-system : consultant en logistique, chef de projet, puis, depuis 2015, responsable du d\u00e9veloppement de toutes nos solutions digitales. Avec enthousiasme, Klas souhaite \u00e0 la fois pr\u00e9server l\u2019h\u00e9ritage construit sous la direction d\u2019Andreas et impulser un nouvel \u00e9lan [&hellip;]\" \/>\n<meta property=\"og:url\" content=\"https:\/\/www.masystemutbildning.se\/fr-fr\/actualites\/andreas-passe-le-relais-klas-prend-la-releve\/\" \/>\n<meta property=\"og:site_name\" content=\"MA-system Utbildning Francais\" \/>\n<meta property=\"article:modified_time\" content=\"2025-09-05T13:10:15+00:00\" \/>\n<meta property=\"og:image\" content=\"https:\/\/www.masystemutbildning.se\/fr-fr\/wp-content\/uploads\/sites\/5\/2025\/09\/Stafettpinne_square.jpg\" \/>\n\t<meta property=\"og:image:width\" content=\"1778\" \/>\n\t<meta property=\"og:image:height\" content=\"1778\" \/>\n\t<meta property=\"og:image:type\" content=\"image\/jpeg\" \/>\n<meta name=\"twitter:card\" content=\"summary_large_image\" \/>\n<meta name=\"twitter:label1\" content=\"Est. reading time\" \/>\n\t<meta name=\"twitter:data1\" content=\"2 minutes\" \/>\n<script type=\"application\/ld+json\" class=\"yoast-schema-graph\">{\"@context\":\"https:\\\/\\\/schema.org\",\"@graph\":[{\"@type\":\"WebPage\",\"@id\":\"https:\\\/\\\/www.masystemutbildning.se\\\/fr-fr\\\/actualites\\\/andreas-passe-le-relais-klas-prend-la-releve\\\/\",\"url\":\"https:\\\/\\\/www.masystemutbildning.se\\\/fr-fr\\\/actualites\\\/andreas-passe-le-relais-klas-prend-la-releve\\\/\",\"name\":\"Andreas passe le relais \u2013 Klas prend la rel\u00e8ve ! - MA-system Utbildning Francais\",\"isPartOf\":{\"@id\":\"https:\\\/\\\/www.masystemutbildning.se\\\/fr-fr\\\/#website\"},\"primaryImageOfPage\":{\"@id\":\"https:\\\/\\\/www.masystemutbildning.se\\\/fr-fr\\\/actualites\\\/andreas-passe-le-relais-klas-prend-la-releve\\\/#primaryimage\"},\"image\":{\"@id\":\"https:\\\/\\\/www.masystemutbildning.se\\\/fr-fr\\\/actualites\\\/andreas-passe-le-relais-klas-prend-la-releve\\\/#primaryimage\"},\"thumbnailUrl\":\"https:\\\/\\\/www.masystemutbildning.se\\\/fr-fr\\\/wp-content\\\/uploads\\\/sites\\\/5\\\/2025\\\/09\\\/Stafettpinne_square.jpg\",\"datePublished\":\"2025-09-05T13:10:14+00:00\",\"dateModified\":\"2025-09-05T13:10:15+00:00\",\"breadcrumb\":{\"@id\":\"https:\\\/\\\/www.masystemutbildning.se\\\/fr-fr\\\/actualites\\\/andreas-passe-le-relais-klas-prend-la-releve\\\/#breadcrumb\"},\"inLanguage\":\"fr-FR\",\"potentialAction\":[{\"@type\":\"ReadAction\",\"target\":[\"https:\\\/\\\/www.masystemutbildning.se\\\/fr-fr\\\/actualites\\\/andreas-passe-le-relais-klas-prend-la-releve\\\/\"]}]},{\"@type\":\"ImageObject\",\"inLanguage\":\"fr-FR\",\"@id\":\"https:\\\/\\\/www.masystemutbildning.se\\\/fr-fr\\\/actualites\\\/andreas-passe-le-relais-klas-prend-la-releve\\\/#primaryimage\",\"url\":\"https:\\\/\\\/www.masystemutbildning.se\\\/fr-fr\\\/wp-content\\\/uploads\\\/sites\\\/5\\\/2025\\\/09\\\/Stafettpinne_square.jpg\",\"contentUrl\":\"https:\\\/\\\/www.masystemutbildning.se\\\/fr-fr\\\/wp-content\\\/uploads\\\/sites\\\/5\\\/2025\\\/09\\\/Stafettpinne_square.jpg\",\"width\":1778,\"height\":1778},{\"@type\":\"BreadcrumbList\",\"@id\":\"https:\\\/\\\/www.masystemutbildning.se\\\/fr-fr\\\/actualites\\\/andreas-passe-le-relais-klas-prend-la-releve\\\/#breadcrumb\",\"itemListElement\":[{\"@type\":\"ListItem\",\"position\":1,\"name\":\"Home\",\"item\":\"https:\\\/\\\/www.masystemutbildning.se\\\/fr-fr\\\/\"},{\"@type\":\"ListItem\",\"position\":2,\"name\":\"Andreas passe le relais \u2013 Klas prend la rel\u00e8ve !\"}]},{\"@type\":\"WebSite\",\"@id\":\"https:\\\/\\\/www.masystemutbildning.se\\\/fr-fr\\\/#website\",\"url\":\"https:\\\/\\\/www.masystemutbildning.se\\\/fr-fr\\\/\",\"name\":\"MA-system Utbildning\",\"description\":\"\",\"publisher\":{\"@id\":\"https:\\\/\\\/www.masystemutbildning.se\\\/fr-fr\\\/#organization\"},\"potentialAction\":[{\"@type\":\"SearchAction\",\"target\":{\"@type\":\"EntryPoint\",\"urlTemplate\":\"https:\\\/\\\/www.masystemutbildning.se\\\/fr-fr\\\/?s={search_term_string}\"},\"query-input\":{\"@type\":\"PropertyValueSpecification\",\"valueRequired\":true,\"valueName\":\"search_term_string\"}}],\"inLanguage\":\"fr-FR\"},{\"@type\":\"Organization\",\"@id\":\"https:\\\/\\\/www.masystemutbildning.se\\\/fr-fr\\\/#organization\",\"name\":\"MA-system Utbildning Francais\",\"url\":\"https:\\\/\\\/www.masystemutbildning.se\\\/fr-fr\\\/\",\"logo\":{\"@type\":\"ImageObject\",\"inLanguage\":\"fr-FR\",\"@id\":\"https:\\\/\\\/www.masystemutbildning.se\\\/fr-fr\\\/#\\\/schema\\\/logo\\\/image\\\/\",\"url\":\"https:\\\/\\\/www.masystemutbildning.se\\\/fr-fr\\\/wp-content\\\/uploads\\\/sites\\\/5\\\/2026\\\/02\\\/MAsystem_50.webp\",\"contentUrl\":\"https:\\\/\\\/www.masystemutbildning.se\\\/fr-fr\\\/wp-content\\\/uploads\\\/sites\\\/5\\\/2026\\\/02\\\/MAsystem_50.webp\",\"width\":1080,\"height\":829,\"caption\":\"MA-system Utbildning Francais\"},\"image\":{\"@id\":\"https:\\\/\\\/www.masystemutbildning.se\\\/fr-fr\\\/#\\\/schema\\\/logo\\\/image\\\/\"}}]}<\/script>\n<!-- \/ Yoast SEO Premium plugin. -->","yoast_head_json":{"title":"Andreas passe le relais \u2013 Klas prend la rel\u00e8ve ! - MA-system Utbildning Francais","robots":{"index":"index","follow":"follow","max-snippet":"max-snippet:-1","max-image-preview":"max-image-preview:large","max-video-preview":"max-video-preview:-1"},"canonical":"https:\/\/www.masystemutbildning.se\/fr-fr\/actualites\/andreas-passe-le-relais-klas-prend-la-releve\/","og_locale":"fr_FR","og_type":"article","og_title":"Andreas passe le relais \u2013 Klas prend la rel\u00e8ve !","og_description":"C\u2019est Klas Turesson qui reprend la direction, fort de plus de 15 ans d\u2019exp\u00e9rience au sein de MA-system : consultant en logistique, chef de projet, puis, depuis 2015, responsable du d\u00e9veloppement de toutes nos solutions digitales. Avec enthousiasme, Klas souhaite \u00e0 la fois pr\u00e9server l\u2019h\u00e9ritage construit sous la direction d\u2019Andreas et impulser un nouvel \u00e9lan [&hellip;]","og_url":"https:\/\/www.masystemutbildning.se\/fr-fr\/actualites\/andreas-passe-le-relais-klas-prend-la-releve\/","og_site_name":"MA-system Utbildning Francais","article_modified_time":"2025-09-05T13:10:15+00:00","og_image":[{"width":1778,"height":1778,"url":"https:\/\/www.masystemutbildning.se\/fr-fr\/wp-content\/uploads\/sites\/5\/2025\/09\/Stafettpinne_square.jpg","type":"image\/jpeg"}],"twitter_card":"summary_large_image","twitter_misc":{"Est. reading time":"2 minutes"},"schema":{"@context":"https:\/\/schema.org","@graph":[{"@type":"WebPage","@id":"https:\/\/www.masystemutbildning.se\/fr-fr\/actualites\/andreas-passe-le-relais-klas-prend-la-releve\/","url":"https:\/\/www.masystemutbildning.se\/fr-fr\/actualites\/andreas-passe-le-relais-klas-prend-la-releve\/","name":"Andreas passe le relais \u2013 Klas prend la rel\u00e8ve ! - MA-system Utbildning Francais","isPartOf":{"@id":"https:\/\/www.masystemutbildning.se\/fr-fr\/#website"},"primaryImageOfPage":{"@id":"https:\/\/www.masystemutbildning.se\/fr-fr\/actualites\/andreas-passe-le-relais-klas-prend-la-releve\/#primaryimage"},"image":{"@id":"https:\/\/www.masystemutbildning.se\/fr-fr\/actualites\/andreas-passe-le-relais-klas-prend-la-releve\/#primaryimage"},"thumbnailUrl":"https:\/\/www.masystemutbildning.se\/fr-fr\/wp-content\/uploads\/sites\/5\/2025\/09\/Stafettpinne_square.jpg","datePublished":"2025-09-05T13:10:14+00:00","dateModified":"2025-09-05T13:10:15+00:00","breadcrumb":{"@id":"https:\/\/www.masystemutbildning.se\/fr-fr\/actualites\/andreas-passe-le-relais-klas-prend-la-releve\/#breadcrumb"},"inLanguage":"fr-FR","potentialAction":[{"@type":"ReadAction","target":["https:\/\/www.masystemutbildning.se\/fr-fr\/actualites\/andreas-passe-le-relais-klas-prend-la-releve\/"]}]},{"@type":"ImageObject","inLanguage":"fr-FR","@id":"https:\/\/www.masystemutbildning.se\/fr-fr\/actualites\/andreas-passe-le-relais-klas-prend-la-releve\/#primaryimage","url":"https:\/\/www.masystemutbildning.se\/fr-fr\/wp-content\/uploads\/sites\/5\/2025\/09\/Stafettpinne_square.jpg","contentUrl":"https:\/\/www.masystemutbildning.se\/fr-fr\/wp-content\/uploads\/sites\/5\/2025\/09\/Stafettpinne_square.jpg","width":1778,"height":1778},{"@type":"BreadcrumbList","@id":"https:\/\/www.masystemutbildning.se\/fr-fr\/actualites\/andreas-passe-le-relais-klas-prend-la-releve\/#breadcrumb","itemListElement":[{"@type":"ListItem","position":1,"name":"Home","item":"https:\/\/www.masystemutbildning.se\/fr-fr\/"},{"@type":"ListItem","position":2,"name":"Andreas passe le relais \u2013 Klas prend la rel\u00e8ve !"}]},{"@type":"WebSite","@id":"https:\/\/www.masystemutbildning.se\/fr-fr\/#website","url":"https:\/\/www.masystemutbildning.se\/fr-fr\/","name":"MA-system Utbildning","description":"","publisher":{"@id":"https:\/\/www.masystemutbildning.se\/fr-fr\/#organization"},"potentialAction":[{"@type":"SearchAction","target":{"@type":"EntryPoint","urlTemplate":"https:\/\/www.masystemutbildning.se\/fr-fr\/?s={search_term_string}"},"query-input":{"@type":"PropertyValueSpecification","valueRequired":true,"valueName":"search_term_string"}}],"inLanguage":"fr-FR"},{"@type":"Organization","@id":"https:\/\/www.masystemutbildning.se\/fr-fr\/#organization","name":"MA-system Utbildning Francais","url":"https:\/\/www.masystemutbildning.se\/fr-fr\/","logo":{"@type":"ImageObject","inLanguage":"fr-FR","@id":"https:\/\/www.masystemutbildning.se\/fr-fr\/#\/schema\/logo\/image\/","url":"https:\/\/www.masystemutbildning.se\/fr-fr\/wp-content\/uploads\/sites\/5\/2026\/02\/MAsystem_50.webp","contentUrl":"https:\/\/www.masystemutbildning.se\/fr-fr\/wp-content\/uploads\/sites\/5\/2026\/02\/MAsystem_50.webp","width":1080,"height":829,"caption":"MA-system Utbildning Francais"},"image":{"@id":"https:\/\/www.masystemutbildning.se\/fr-fr\/#\/schema\/logo\/image\/"}}]}},"_links":{"self":[{"href":"https:\/\/www.masystemutbildning.se\/fr-fr\/wp-json\/wp\/v2\/actualites\/5442","targetHints":{"allow":["GET"]}}],"collection":[{"href":"https:\/\/www.masystemutbildning.se\/fr-fr\/wp-json\/wp\/v2\/actualites"}],"about":[{"href":"https:\/\/www.masystemutbildning.se\/fr-fr\/wp-json\/wp\/v2\/types\/actualites"}],"wp:featuredmedia":[{"embeddable":true,"href":"https:\/\/www.masystemutbildning.se\/fr-fr\/wp-json\/wp\/v2\/media\/5443"}],"wp:attachment":[{"href":"https:\/\/www.masystemutbildning.se\/fr-fr\/wp-json\/wp\/v2\/media?parent=5442"}],"curies":[{"name":"wp","href":"https:\/\/api.w.org\/{rel}","templated":true}]}}